{"id":4192,"date":"2026-02-17T14:08:52","date_gmt":"2026-02-17T13:08:52","guid":{"rendered":"https:\/\/casabalata.it\/?p=4192"},"modified":"2026-02-17T14:08:55","modified_gmt":"2026-02-17T13:08:55","slug":"randonnee-dans-la-montagne-de-la-pomme","status":"publish","type":"post","link":"https:\/\/casabalata.it\/fr\/monte-mele-trekking\/","title":{"rendered":"Monte Mele et les \u201cchemins du silence\u201d : randonn\u00e9e entre s\u00e9l\u00e9nite, panoramas et nature intacte"},"content":{"rendered":"<nav class=\"wp-block-wpseopress-table-of-contents\"><ol><li><a href=\"#un-territorio-modellato-dal-tempo\">Un territoire fa\u00e7onn\u00e9 par le temps<\/a><\/li><li><a href=\"#trekking-da-casa-balata-un-percorso-tra-natura-e-panorami\">Trekking \u00e0 partir de la maison Balata : un itin\u00e9raire \u00e0 travers la nature et les paysages<\/a><ol><li><a href=\"#il-belvedere-naturale\">Le Belv\u00e9d\u00e8re naturel<\/a><\/li><li><a href=\"#il-punto-di-affioramento-gessoso-piu-elevato\">Le point le plus \u00e9lev\u00e9 de l'affleurement de la craie<\/a><\/li><\/ol><\/li><li><a href=\"#un-ecosistema-ricco-e-sorprendente\">Un \u00e9cosyst\u00e8me riche et surprenant<\/a><ol><li><a href=\"#flora\">Flore<\/a><\/li><li><a href=\"#fauna\">Faune<\/a><\/li><li><a href=\"#storia-rurale-e-leggende\">Histoire et l\u00e9gendes rurales<\/a><\/li><\/ol><\/li><li><a href=\"#il-nostro-invito-a-vivere-il-territorio\">Notre invitation \u00e0 vivre le territoire<\/a><\/li><\/ol><\/nav>\n\n\n<p>A quelques pas de notre ferme, s'ouvre un monde qui surprendra tous ceux qui aiment se promener dans la nature.<\/p>\n\n\n\n<p><strong>Monte Mele<\/strong>, le relief qui domine l'arri\u00e8re-pays de l'Europe. <strong>Realmonte<\/strong>, est un lieu o\u00f9 <strong><em>g\u00e9ologie, histoire rurale<\/em><\/strong> e<strong> <\/strong><em><strong>la biodiversit\u00e9<\/strong> <\/em>s'entrem\u00ealent dans un paysage unique, loin des sentiers battus par les touristes.<\/p>\n\n\n\n<p>Ici, entre les senteurs d'herbes aromatiques et les panoramas allant de la mer aux reliefs int\u00e9rieurs, le trekking n'est pas seulement un sport, mais une exp\u00e9rience \u00e0 la fois sensorielle et culturelle.<\/p>\n\n\n\n<div class=\"wp-block-buttons is-content-justification-center is-layout-flex wp-container-core-buttons-is-layout-16018d1d wp-block-buttons-is-layout-flex\">\n<div class=\"wp-block-button is-style-fill\"><a class=\"wp-block-button__link has-primary-background-color has-background has-custom-font-size wp-element-button\" href=\"https:\/\/via.eviivo.com\/CasaBalata92010\" style=\"font-size:25px\" target=\"_blank\" rel=\"noreferrer noopener\"><strong>V\u00e9rifier la disponibilit\u00e9<\/strong><\/a><\/div>\n<\/div>\n\n\n\n<h2 class=\"wp-block-heading\"><strong>Un territoire fa\u00e7onn\u00e9 par le temps<\/strong><\/h2>\n\n\n\n<p><strong>Monte Mele<\/strong> marque le d\u00e9but de la c\u00e9l\u00e8bre <strong>S\u00e9rie Soufre sicilien<\/strong>un environnement g\u00e9ologique rare, o\u00f9 le gypse massif et la s\u00e9l\u00e9nite affleurent dans des formes spectaculaires. Contrairement \u00e0 la c\u00f4te, domin\u00e9e par le <strong>Marron blanc<\/strong>, Ici, le sol s'illumine de reflets cristallins.<\/p>\n\n\n\n<p>La <strong>s\u00e9l\u00e9nite<\/strong>, avec son <strong>cristaux <em>\u201cFer de lance\u201d<\/em><\/strong> o <strong><em>\u201cen queue d'aronde\u201d<\/em><\/strong>, Il brille litt\u00e9ralement au soleil, surtout apr\u00e8s la pluie, lorsque la poussi\u00e8re se d\u00e9pose et laisse des surfaces translucides et lumineuses.<\/p>\n\n\n\n<p>En parcourant les sentiers inter-p\u00e2turages qui m\u00e8nent au sommet, il est facile de voir des paillettes vitreuses incrust\u00e9es dans la roche calcaire : un petit spectacle naturel qui raconte l'histoire tr\u00e8s ancienne de la M\u00e9diterran\u00e9e et de ses \u00e9tapes de dessiccation.<\/p>\n\n\n\n<h2 class=\"wp-block-heading\"><strong>Trekking \u00e0 partir de la maison Balata : un itin\u00e9raire \u00e0 travers la nature et les paysages<\/strong><\/h2>\n\n\n\n<p>\u00catre<strong> situ\u00e9 sur les pentes de la<\/strong>, <strong>Maison Balata<\/strong> est le point de d\u00e9part id\u00e9al pour explorer <strong>Monte Mele<\/strong> \u00e0 pied. L'itin\u00e9raire, de difficult\u00e9 moyenne, prend environ 1 \u00e0 1,5 heure \u00e0 gravir en empruntant des chemins de terre et des sentiers battus par les bergers et les randonneurs locaux.<\/p>\n\n\n\n<figure class=\"wp-block-gallery aligncenter has-nested-images columns-default is-cropped wp-block-gallery-1 is-layout-flex wp-block-gallery-is-layout-flex\">\n<figure class=\"wp-block-image size-large\"><img alt=\"\" decoding=\"async\" width=\"1024\" height=\"768\" data-id=\"1194\" src=\"https:\/\/casabalata.it\/wp-content\/uploads\/2016\/06\/DSC00838-1024x768.jpg\" class=\"wp-image-1194\" srcset=\"https:\/\/casabalata.it\/wp-content\/uploads\/2016\/06\/DSC00838-1024x768.jpg 1024w, https:\/\/casabalata.it\/wp-content\/uploads\/2016\/06\/DSC00838-300x225.jpg 300w, https:\/\/casabalata.it\/wp-content\/uploads\/2016\/06\/DSC00838-768x576.jpg 768w, https:\/\/casabalata.it\/wp-content\/uploads\/2016\/06\/DSC00838-310x232.jpg 310w\" sizes=\"(max-width: 1024px) 100vw, 1024px\" \/><\/figure>\n\n\n\n<figure class=\"wp-block-image size-large\"><img alt=\"\" decoding=\"async\" width=\"601\" height=\"499\" data-id=\"1204\" src=\"https:\/\/casabalata.it\/wp-content\/uploads\/2016\/06\/scalaturchi_cr.jpg\" class=\"wp-image-1204\" srcset=\"https:\/\/casabalata.it\/wp-content\/uploads\/2016\/06\/scalaturchi_cr.jpg 601w, https:\/\/casabalata.it\/wp-content\/uploads\/2016\/06\/scalaturchi_cr-300x249.jpg 300w\" sizes=\"(max-width: 601px) 100vw, 601px\" \/><\/figure>\n<\/figure>\n\n\n\n<h3 class=\"wp-block-heading\"><strong>Le Belv\u00e9d\u00e8re naturel<\/strong><\/h3>\n\n\n\n<p>Le point de vue le plus impressionnant est situ\u00e9 pr\u00e8s du sommet. De l\u00e0, la vue embrasse :<\/p>\n\n\n\n<ul class=\"wp-block-list\">\n<li><strong>Sud-Ouest<\/strong>, le <em>co\u00fbts de Realmonte<\/em>, le <em>Scala dei Turchi<\/em> et le bleu profond de la <em>Canal de Sicile<\/em>;<\/li>\n\n\n\n<li><strong>dans le nord-est<\/strong>, l\u2019<em>l'arri\u00e8re-pays agricole<\/em> et le <em>reliefs calcaires<\/em> accompagnant le SS115.<\/li>\n<\/ul>\n\n\n\n<p>En chemin, les affleurements de s\u00e9l\u00e9nite deviennent de plus en plus \u00e9vidents, encastr\u00e9s dans les escarpements lat\u00e9raux et les zones \u00e9rod\u00e9es par le vent.<\/p>\n\n\n\n<h3 class=\"wp-block-heading\"><strong>Le point le plus \u00e9lev\u00e9 de l'affleurement de la craie<\/strong><\/h3>\n\n\n\n<p>Il s'agit d'un endroit moins pittoresque, mais d'une grande fascination g\u00e9ologique. Ici, le gypse massif se pr\u00e9sente en structures impressionnantes, avec des cristaux de s\u00e9l\u00e9nite qui peuvent atteindre 10 \u00e0 15 cm. C'est un v\u00e9ritable mus\u00e9e en plein air pour ceux qui aiment la nature dans sa forme la plus primitive.<\/p>\n\n\n\n<h2 class=\"wp-block-heading\"><strong>Un \u00e9cosyst\u00e8me riche et surprenant<\/strong><\/h2>\n\n\n\n<p><strong>Monte Mele<\/strong> n'est pas seulement une g\u00e9ologie : c'est une mosa\u00efque de vie.<\/p>\n\n\n\n<figure class=\"wp-block-gallery aligncenter has-nested-images columns-default is-cropped wp-block-gallery-2 is-layout-flex wp-block-gallery-is-layout-flex\">\n<figure class=\"wp-block-image size-large\"><img alt=\"\" decoding=\"async\" width=\"1024\" height=\"768\" data-id=\"3742\" src=\"https:\/\/casabalata.it\/wp-content\/uploads\/giardino-13-1024x768.jpg\" class=\"wp-image-3742\" srcset=\"https:\/\/casabalata.it\/wp-content\/uploads\/giardino-13-1024x768.jpg 1024w, https:\/\/casabalata.it\/wp-content\/uploads\/giardino-13-300x225.jpg 300w, https:\/\/casabalata.it\/wp-content\/uploads\/giardino-13-768x576.jpg 768w, https:\/\/casabalata.it\/wp-content\/uploads\/giardino-13-1536x1152.jpg 1536w, https:\/\/casabalata.it\/wp-content\/uploads\/giardino-13-2048x1536.jpg 2048w, https:\/\/casabalata.it\/wp-content\/uploads\/giardino-13-480x360.jpg 480w, https:\/\/casabalata.it\/wp-content\/uploads\/giardino-13-640x480.jpg 640w, https:\/\/casabalata.it\/wp-content\/uploads\/giardino-13-720x540.jpg 720w, https:\/\/casabalata.it\/wp-content\/uploads\/giardino-13-960x720.jpg 960w, https:\/\/casabalata.it\/wp-content\/uploads\/giardino-13-1168x876.jpg 1168w, https:\/\/casabalata.it\/wp-content\/uploads\/giardino-13-1440x1080.jpg 1440w, https:\/\/casabalata.it\/wp-content\/uploads\/giardino-13-1920x1440.jpg 1920w\" sizes=\"(max-width: 1024px) 100vw, 1024px\" \/><\/figure>\n\n\n\n<figure class=\"wp-block-image size-large\"><img alt=\"\" decoding=\"async\" width=\"768\" height=\"1024\" data-id=\"3738\" src=\"https:\/\/casabalata.it\/wp-content\/uploads\/giardino-09-768x1024.jpg\" class=\"wp-image-3738\" srcset=\"https:\/\/casabalata.it\/wp-content\/uploads\/giardino-09-768x1024.jpg 768w, https:\/\/casabalata.it\/wp-content\/uploads\/giardino-09-225x300.jpg 225w, https:\/\/casabalata.it\/wp-content\/uploads\/giardino-09-1152x1536.jpg 1152w, https:\/\/casabalata.it\/wp-content\/uploads\/giardino-09-1536x2048.jpg 1536w, https:\/\/casabalata.it\/wp-content\/uploads\/giardino-09-480x640.jpg 480w, https:\/\/casabalata.it\/wp-content\/uploads\/giardino-09-640x853.jpg 640w, https:\/\/casabalata.it\/wp-content\/uploads\/giardino-09-720x960.jpg 720w, https:\/\/casabalata.it\/wp-content\/uploads\/giardino-09-960x1280.jpg 960w, https:\/\/casabalata.it\/wp-content\/uploads\/giardino-09-1168x1557.jpg 1168w, https:\/\/casabalata.it\/wp-content\/uploads\/giardino-09-1440x1920.jpg 1440w, https:\/\/casabalata.it\/wp-content\/uploads\/giardino-09-scaled.jpg 1920w\" sizes=\"(max-width: 768px) 100vw, 768px\" \/><\/figure>\n\n\n\n<figure class=\"wp-block-image size-large\"><img alt=\"\" decoding=\"async\" width=\"1024\" height=\"768\" data-id=\"3733\" src=\"https:\/\/casabalata.it\/wp-content\/uploads\/giardino-04-1024x768.jpg\" class=\"wp-image-3733\" srcset=\"https:\/\/casabalata.it\/wp-content\/uploads\/giardino-04-1024x768.jpg 1024w, https:\/\/casabalata.it\/wp-content\/uploads\/giardino-04-300x225.jpg 300w, https:\/\/casabalata.it\/wp-content\/uploads\/giardino-04-768x576.jpg 768w, https:\/\/casabalata.it\/wp-content\/uploads\/giardino-04-1536x1152.jpg 1536w, https:\/\/casabalata.it\/wp-content\/uploads\/giardino-04-2048x1536.jpg 2048w, https:\/\/casabalata.it\/wp-content\/uploads\/giardino-04-480x360.jpg 480w, https:\/\/casabalata.it\/wp-content\/uploads\/giardino-04-640x480.jpg 640w, https:\/\/casabalata.it\/wp-content\/uploads\/giardino-04-720x540.jpg 720w, https:\/\/casabalata.it\/wp-content\/uploads\/giardino-04-960x720.jpg 960w, https:\/\/casabalata.it\/wp-content\/uploads\/giardino-04-1168x876.jpg 1168w, https:\/\/casabalata.it\/wp-content\/uploads\/giardino-04-1440x1080.jpg 1440w, https:\/\/casabalata.it\/wp-content\/uploads\/giardino-04-1920x1440.jpg 1920w\" sizes=\"(max-width: 1024px) 100vw, 1024px\" \/><\/figure>\n<\/figure>\n\n\n\n<h3 class=\"wp-block-heading\"><strong>Flore<\/strong><\/h3>\n\n\n\n<ul class=\"wp-block-list\">\n<li><strong>Orchid\u00e9es sauvages<\/strong>, surtout au printemps ;<\/li>\n\n\n\n<li><strong>Palmier nain<\/strong> et <strong>Herbe Alpha<\/strong>, typique des r\u00e9gions siciliennes s\u00e8ches ;<\/li>\n\n\n\n<li><strong>Thym, sauge et romarin sauvage<\/strong>, qui parfument l'air autour de la Maison Balata.<\/li>\n<\/ul>\n\n\n\n<h3 class=\"wp-block-heading\"><strong>Faune<\/strong><\/h3>\n\n\n\n<ul class=\"wp-block-list\">\n<li><strong>Porc-\u00e9pic<\/strong>, Ils laissent souvent leurs piquants le long des chemins ;<\/li>\n\n\n\n<li><strong>Renards<\/strong>, visible au cr\u00e9puscule ;<\/li>\n\n\n\n<li><strong>L\u00e9zard de Wagler<\/strong>, une esp\u00e8ce end\u00e9mique qui aime se r\u00e9chauffer sur les pierres de s\u00e9l\u00e9nite.<\/li>\n<\/ul>\n\n\n\n<h3 class=\"wp-block-heading\"><strong>Histoire et l\u00e9gendes rurales<\/strong><\/h3>\n\n\n\n<p>Entre les meules de foin, les ruines en pierre calcaire et les anciens essais miniers, le paysage raconte la vie paysanne d'antan et les l\u00e9gendes ne manquent pas : <strong>les histoires de tr\u00e9sors cach\u00e9s par les pirates sarrasins<\/strong>, prot\u00e9g\u00e9s par des sorts et visibles uniquement certains soirs, lorsqu'une lumi\u00e8re verte ou bleue indiquait l'endroit exact o\u00f9 creuser. <strong>Des r\u00e9cits qui ajoutent une touche de myst\u00e8re aux promenades.<\/strong><\/p>\n\n\n<div class=\"wp-block-image\">\n<figure class=\"aligncenter size-large\"><img decoding=\"async\" width=\"1024\" height=\"557\" src=\"https:\/\/casabalata.it\/wp-content\/uploads\/Agriturismo-Casa-Balata-1024x557.jpg\" alt=\"Vue panoramique du paysage vallonn\u00e9 et de la piscine de l&#039;Agriturismo Casa Balata\" class=\"wp-image-4085\" srcset=\"https:\/\/casabalata.it\/wp-content\/uploads\/Agriturismo-Casa-Balata-1024x557.jpg 1024w, https:\/\/casabalata.it\/wp-content\/uploads\/Agriturismo-Casa-Balata-300x163.jpg 300w, https:\/\/casabalata.it\/wp-content\/uploads\/Agriturismo-Casa-Balata-768x418.jpg 768w, https:\/\/casabalata.it\/wp-content\/uploads\/Agriturismo-Casa-Balata-1536x836.jpg 1536w, https:\/\/casabalata.it\/wp-content\/uploads\/Agriturismo-Casa-Balata-18x10.jpg 18w, https:\/\/casabalata.it\/wp-content\/uploads\/Agriturismo-Casa-Balata-480x261.jpg 480w, https:\/\/casabalata.it\/wp-content\/uploads\/Agriturismo-Casa-Balata-640x348.jpg 640w, https:\/\/casabalata.it\/wp-content\/uploads\/Agriturismo-Casa-Balata-720x392.jpg 720w, https:\/\/casabalata.it\/wp-content\/uploads\/Agriturismo-Casa-Balata-960x523.jpg 960w, https:\/\/casabalata.it\/wp-content\/uploads\/Agriturismo-Casa-Balata-1168x636.jpg 1168w, https:\/\/casabalata.it\/wp-content\/uploads\/Agriturismo-Casa-Balata-1440x784.jpg 1440w, https:\/\/casabalata.it\/wp-content\/uploads\/Agriturismo-Casa-Balata.jpg 1600w\" sizes=\"(max-width: 1024px) 100vw, 1024px\" \/><\/figure>\n<\/div>\n\n\n<h2 class=\"wp-block-heading\"><strong>Notre invitation \u00e0 vivre le territoire<\/strong><\/h2>\n\n\n\n<p>Explorer <strong>Monte Mele<\/strong> c'est s'immerger dans une <strong>La Sicile authentique<\/strong>, compos\u00e9 de <em>silences<\/em>, <em>parfums<\/em> e <em>panoramas<\/em> qui changent \u00e0 chaque pas.<\/p>\n\n\n\n<p>Notre <strong>agrotourisme Maison Balata<\/strong> est l'endroit id\u00e9al pour commencer, gr\u00e2ce \u00e0 sa situation strat\u00e9gique entour\u00e9e d'une nature intacte, o\u00f9 l'accueil est authentique et o\u00f9 le temps semble ralentir.<\/p>\n\n\n\n<p><strong>Nous vous attendons \u00e0 la Casa Balata pour une exp\u00e9rience de trekking, de nature et d'authenticit\u00e9 qui restera dans votre c\u0153ur.<\/strong><\/p>\n\n\n\n<div class=\"wp-block-buttons is-content-justification-center is-layout-flex wp-container-core-buttons-is-layout-16018d1d wp-block-buttons-is-layout-flex\">\n<div class=\"wp-block-button is-style-fill\"><a class=\"wp-block-button__link has-primary-background-color has-background has-custom-font-size wp-element-button\" href=\"https:\/\/via.eviivo.com\/CasaBalata92010\" style=\"font-size:25px\" target=\"_blank\" rel=\"noreferrer noopener\"><strong>V\u00e9rifier la disponibilit\u00e9<\/strong><\/a><\/div>\n<\/div>\n\n\n\n<p><\/p>","protected":false},"excerpt":{"rendered":"<p>A pochi passi dal nostro agriturismo, si apre un mondo che sorprende chiunque ami camminare nella natura. Monte Mele, il [&hellip;]<\/p>\n","protected":false},"author":12,"featured_media":3791,"comment_status":"closed","ping_status":"open","sticky":false,"template":"","format":"standard","meta":{"_acf_changed":false,"_seopress_robots_primary_cat":"none","_seopress_titles_title":"Trekking a Monte Mele: natura, selenite e panorami unici da Casa Balata","_seopress_titles_desc":"Scopri i sentieri di Monte Mele, tra selenite, macchia mediterranea e viste mozzafiato sulla costa di Realmonte. Da Casa Balata puoi partire per un trekking autentico nella natura incontaminata e vivere un\u2019accoglienza genuina.","_seopress_robots_index":"","iawp_total_views":17,"footnotes":""},"categories":[54],"tags":[],"class_list":["post-4192","post","type-post","status-publish","format-standard","has-post-thumbnail","hentry","category-scopri-la-sicilia"],"acf":[],"_links":{"self":[{"href":"https:\/\/casabalata.it\/fr\/wp-json\/wp\/v2\/posts\/4192","targetHints":{"allow":["GET"]}}],"collection":[{"href":"https:\/\/casabalata.it\/fr\/wp-json\/wp\/v2\/posts"}],"about":[{"href":"https:\/\/casabalata.it\/fr\/wp-json\/wp\/v2\/types\/post"}],"author":[{"embeddable":true,"href":"https:\/\/casabalata.it\/fr\/wp-json\/wp\/v2\/users\/12"}],"replies":[{"embeddable":true,"href":"https:\/\/casabalata.it\/fr\/wp-json\/wp\/v2\/comments?post=4192"}],"version-history":[{"count":9,"href":"https:\/\/casabalata.it\/fr\/wp-json\/wp\/v2\/posts\/4192\/revisions"}],"predecessor-version":[{"id":4253,"href":"https:\/\/casabalata.it\/fr\/wp-json\/wp\/v2\/posts\/4192\/revisions\/4253"}],"wp:featuredmedia":[{"embeddable":true,"href":"https:\/\/casabalata.it\/fr\/wp-json\/wp\/v2\/media\/3791"}],"wp:attachment":[{"href":"https:\/\/casabalata.it\/fr\/wp-json\/wp\/v2\/media?parent=4192"}],"wp:term":[{"taxonomy":"category","embeddable":true,"href":"https:\/\/casabalata.it\/fr\/wp-json\/wp\/v2\/categories?post=4192"},{"taxonomy":"post_tag","embeddable":true,"href":"https:\/\/casabalata.it\/fr\/wp-json\/wp\/v2\/tags?post=4192"}],"curies":[{"name":"wp","href":"https:\/\/api.w.org\/{rel}","templated":true}]}}